{"id":798,"date":"2014-11-22T10:39:23","date_gmt":"2014-11-22T09:39:23","guid":{"rendered":"http:\/\/www.murielorange.com\/?p=798"},"modified":"2014-12-17T18:59:35","modified_gmt":"2014-12-17T17:59:35","slug":"deux-bancs-public-magritte-a-jette","status":"publish","type":"post","link":"http:\/\/www.murielorange.com\/?p=798","title":{"rendered":"Deux bancs public Magritte \u00e0 Jette ?"},"content":{"rendered":"<p style=\"text-align: justify;\">Une petite activit\u00e9 pour les Jettois du Quartier Magritte &#8230; en collaboration avec Muriel Orange &#8230;\u00a0\u00a0 \ud83d\ude09<\/p>\n<p style=\"text-align: justify;\">Le COMITE DE QUARTIER MAGRITTE, en partenariat avec le MUSEE RENE MAGRITTE, \u00a0ART MOSAICO et MURIEL ORANGE, vous propose de vous lancer dans une aventure collective pour cr\u00e9er <strong>deux bancs publics\u00a0en mosa\u00efques<\/strong> \u00e0 placer dans notre quartier en 2015.<\/p>\n<p>&nbsp;<\/p>\n<p><strong>CONDITIONS ET ORGANISATION G<\/strong>RATUIT, avec le soutien de la Fondation Roi Baudouin et de la Loterie Nationale\u00a0\u2013 nombre de places limit\u00e9<\/p>\n<p>Ouvert aux habitants du quartier, <em>adultes uniquement<\/em><\/p>\n<p>&nbsp;<\/p>\n<p>Premi\u00e8re \u00e9tape Novembre\/D\u00e9cembre 2014<\/p>\n<ul>\n<li><strong>\u00ab Le banc public sous la loupe des Surr\u00e9alistes \u00bb : 1 atelier<\/strong> <strong>de 1h30<\/strong> au Mus\u00e9e Magritte (135 rue Esseghem, Jette), au choix le samedi 29 (FR\/NL) ou le dimanche 30 novembre (FR) \u00e0 15h. \u00c0 la mani\u00e8re de Magritte et son groupe, les participants vont transformer un banc public en objet po\u00e9tique, \u00e0 travers des activit\u00e9s collectives m\u00ealant le dessin et le langage.<\/li>\n<li><strong>1 atelier de 2 \u00a0heures<\/strong> pour cr\u00e9er ensemble en miniature, la structure des bancs, au choix <strong>le jeudi 11 d\u00e9cembre ou le mardi 16 d\u00e9cembre<\/strong>, de 19h30 \u00e0 21h30 chez Muriel Orange, au 286 rue L\u00e9opold Ier, Jette.<\/li>\n<\/ul>\n<p>&nbsp;<\/p>\n<p>Deuxi\u00e8me \u00e9tape Printemps 2015<\/p>\n<ul>\n<li><strong>Au printemps 2015<\/strong>, une fois les deux bancs r\u00e9alis\u00e9s, deux ateliers d&rsquo;une demi-journ\u00e9e seront organis\u00e9s pour r\u00e9aliser les mosa\u00efques \u00e0 placer sur les bancs, sous la direction de Jean- Christophe Duperron, Art Mosaico (rue Vanderborght 136 B, 1090 Jette)<\/li>\n<\/ul>\n<p>&nbsp;<\/p>\n<p>Vous pouvez participer \u00e0 l&rsquo;une ou l&rsquo;autre des \u00e9tapes, en fonction de vos envies et de votre temps. N&rsquo;h\u00e9sitez pas \u00e0 vous inscrire ou \u00e0 nous contacter avant le 25 novembre !<\/p>\n<p>des id\u00e9es ? <a href=\"http:\/\/www.socialsofa.nl\/\">http:\/\/www.socialsofa.nl\/<\/a><\/p>\n<p><strong>Inscription et informations<\/strong><\/p>\n<p><strong>Mus\u00e9e Ren\u00e9 Magritte\u00a0: T\u00e9l : 02 428.26.26-\u00a0 <\/strong>E-mail : <strong><a href=\"mailto:%20info@magrittemuseum.be\">info@magrittemuseum.be<\/a><\/strong><\/p>\n<p><strong>Comit\u00e9 de quartier Magritte\u00a0: <\/strong><a href=\"mailto:comitemagritte@gmail.com\">comitemagritte@gmail.com<\/a><\/p>\n","protected":false},"excerpt":{"rendered":"<p>Une petite activit\u00e9 pour les Jettois du Quartier Magritte &#8230; en collaboration avec Muriel Orange &#8230;\u00a0\u00a0 \ud83d\ude09 Le COMITE DE QUARTIER MAGRITTE, en partenariat avec le MUSEE RENE MAGRITTE, \u00a0ART MOSAICO et MURIEL ORANGE, vous propose de vous lancer dans &hellip; <a href=\"http:\/\/www.murielorange.com\/?p=798\">Continuer la lecture <span class=\"meta-nav\">&rarr;<\/span><\/a><\/p>\n","protected":false},"author":1,"featured_media":0,"comment_status":"open","ping_status":"open","sticky":false,"template":"","format":"standard","meta":{"_monsterinsights_skip_tracking":false,"_monsterinsights_sitenote_active":false,"_monsterinsights_sitenote_note":"","_monsterinsights_sitenote_category":0,"footnotes":""},"categories":[37],"tags":[57,87],"class_list":["post-798","post","type-post","status-publish","format-standard","hentry","category-magritte","tag-animation-artistique","tag-magritte"],"_links":{"self":[{"href":"http:\/\/www.murielorange.com\/index.php?rest_route=\/wp\/v2\/posts\/798","targetHints":{"allow":["GET"]}}],"collection":[{"href":"http:\/\/www.murielorange.com\/index.php?rest_route=\/wp\/v2\/posts"}],"about":[{"href":"http:\/\/www.murielorange.com\/index.php?rest_route=\/wp\/v2\/types\/post"}],"author":[{"embeddable":true,"href":"http:\/\/www.murielorange.com\/index.php?rest_route=\/wp\/v2\/users\/1"}],"replies":[{"embeddable":true,"href":"http:\/\/www.murielorange.com\/index.php?rest_route=%2Fwp%2Fv2%2Fcomments&post=798"}],"version-history":[{"count":3,"href":"http:\/\/www.murielorange.com\/index.php?rest_route=\/wp\/v2\/posts\/798\/revisions"}],"predecessor-version":[{"id":802,"href":"http:\/\/www.murielorange.com\/index.php?rest_route=\/wp\/v2\/posts\/798\/revisions\/802"}],"wp:attachment":[{"href":"http:\/\/www.murielorange.com\/index.php?rest_route=%2Fwp%2Fv2%2Fmedia&parent=798"}],"wp:term":[{"taxonomy":"category","embeddable":true,"href":"http:\/\/www.murielorange.com\/index.php?rest_route=%2Fwp%2Fv2%2Fcategories&post=798"},{"taxonomy":"post_tag","embeddable":true,"href":"http:\/\/www.murielorange.com\/index.php?rest_route=%2Fwp%2Fv2%2Ftags&post=798"}],"curies":[{"name":"wp","href":"https:\/\/api.w.org\/{rel}","templated":true}]}}