{"id":1133,"date":"2019-02-06T10:13:03","date_gmt":"2019-02-06T09:13:03","guid":{"rendered":"http:\/\/www.murielorange.com\/?p=1133"},"modified":"2021-02-05T09:27:51","modified_gmt":"2021-02-05T08:27:51","slug":"parcours-datistes-de-jette","status":"publish","type":"post","link":"https:\/\/www.murielorange.com\/?p=1133","title":{"rendered":"Parcours d&rsquo;artistes de jette"},"content":{"rendered":"<p>Un moment pour se d\u00e9couvrir, pour se retrouver.<\/p>\n<p>L&rsquo;atelier ouvre ses portes au parcours d&rsquo;artistes de jette ces 27 et 28\/4\/2019 de 11 \u00e0 18 h30<\/p>\n<ul>\n<li>Les ados vous pr\u00e9sentent les r\u00e9alisations de l&rsquo;ann\u00e9e, une premi\u00e8re pour eux!<\/li>\n<li>Arnaud Ghys, photographe, pr\u00e9sente son travail avec son regard pointu sur le monde.<\/li>\n<li>Laurence Holzemer expose ses fusains, t\u00e9n\u00e9breux et intriguants.<\/li>\n<li>Salima Barris nous propose ses savons artisanaux. Retour aux fondamentaux.<\/li>\n<\/ul>\n<p>&nbsp;<\/p>\n<p>Grande nouveaut\u00e9 cette ann\u00e9e : il y a aussi une <b>programmation musicale<\/b> :<\/p>\n<ul>\n<li>Un concert est pr\u00e9vu par <b>Matthieu Thonon<\/b> (<span style=\"text-decoration: underline;\">samedi <\/span>\u00e0 16h30). Il pr\u00e9sentera son 2i\u00e8me album \u00ab\u00a0<span id=\"yui_3_16_0_ym19_1_1556004186641_6541\"><span id=\"yui_3_16_0_ym19_1_1556004186641_8668\" style=\"font-size: small;\"><span id=\"yui_3_16_0_ym19_1_1556004186641_6542\">Le silence des alouettes\u00a0\u00bb<\/span>. <\/span><\/span><span id=\"yui_3_16_0_ym19_1_1556004186641_15762\">Il y aborde des pr\u00e9occupations diverses (parfois avec ironie, toujours avec tendresse) et est marqu\u00e9 par les \u00e9crits de Pablo Servigne sur la collapsologie. L&rsquo;amour, le temps qui passe, l&rsquo;oubli, le possible effondrement. Le renouvellement, aussi. <\/span><br \/>\n<a id=\"yui_3_16_0_ym19_1_1556004186641_12244\" class=\"enhancr2_65ac26ed-cbff-3e33-3784-417a36249921\" href=\"https:\/\/www.youtube.com\/watch?v=kKV0cbi5YRU\">Matthieu Thonon \u00ab\u00a0Le silence des alouettes\u00a0\u00bb &#8211; 2e album &#8211; TEASER<br \/>\n<\/a><a id=\"yui_3_16_0_ym19_1_1556004186641_10433\" class=\"enhancr2_959d9666-ac68-668d-8a2e-824daa96995d\" href=\"https:\/\/www.youtube.com\/watch?v=_fFhZiC2Av8\">Matthieu Thonon \u00ab\u00a0Le silence des alouettes\u00a0\u00bb &#8211; 2e album &#8211; TEASER 2<\/a><\/li>\n<\/ul>\n<ul>\n<li>Et une programmation musicale est attendue par <b>Arnaud Ghys <\/b>(<span style=\"text-decoration: underline;\">samedi<\/span> \u00e0 18h00). <b>DJ set Jazz et 100% vinyle.<\/b><\/li>\n<\/ul>\n<p>&nbsp;<\/p>\n<p>&nbsp;<\/p>\n<p>\u00c9galement la pr\u00e9sentation des ateliers cr\u00e9atifs de muriel orange pour l&rsquo;ann\u00e9e 2019-2020<\/p>\n<p>Je me r\u00e9jouis de vous y voir !<\/p>\n<div id=\"ConnectiveDocSignExtentionInstalled\" data-extension-version=\"1.0.4\"><\/div>\n","protected":false},"excerpt":{"rendered":"<p>Un moment pour se d\u00e9couvrir, pour se retrouver. L&rsquo;atelier ouvre ses portes au parcours d&rsquo;artistes de jette ces 27 et 28\/4\/2019 de 11 \u00e0 18 h30 Les ados vous pr\u00e9sentent les r\u00e9alisations de l&rsquo;ann\u00e9e, une premi\u00e8re pour eux! Arnaud Ghys, &hellip; <a href=\"https:\/\/www.murielorange.com\/?p=1133\">Continuer la lecture <span class=\"meta-nav\">&rarr;<\/span><\/a><\/p>\n","protected":false},"author":2,"featured_media":0,"comment_status":"closed","ping_status":"closed","sticky":false,"template":"","format":"standard","meta":{"_monsterinsights_skip_tracking":false,"_monsterinsights_sitenote_active":false,"_monsterinsights_sitenote_note":"","_monsterinsights_sitenote_category":0,"footnotes":""},"categories":[1],"tags":[],"class_list":["post-1133","post","type-post","status-publish","format-standard","hentry","category-parcours-d-artistes"],"_links":{"self":[{"href":"https:\/\/www.murielorange.com\/index.php?rest_route=\/wp\/v2\/posts\/1133","targetHints":{"allow":["GET"]}}],"collection":[{"href":"https:\/\/www.murielorange.com\/index.php?rest_route=\/wp\/v2\/posts"}],"about":[{"href":"https:\/\/www.murielorange.com\/index.php?rest_route=\/wp\/v2\/types\/post"}],"author":[{"embeddable":true,"href":"https:\/\/www.murielorange.com\/index.php?rest_route=\/wp\/v2\/users\/2"}],"replies":[{"embeddable":true,"href":"https:\/\/www.murielorange.com\/index.php?rest_route=%2Fwp%2Fv2%2Fcomments&post=1133"}],"version-history":[{"count":6,"href":"https:\/\/www.murielorange.com\/index.php?rest_route=\/wp\/v2\/posts\/1133\/revisions"}],"predecessor-version":[{"id":1158,"href":"https:\/\/www.murielorange.com\/index.php?rest_route=\/wp\/v2\/posts\/1133\/revisions\/1158"}],"wp:attachment":[{"href":"https:\/\/www.murielorange.com\/index.php?rest_route=%2Fwp%2Fv2%2Fmedia&parent=1133"}],"wp:term":[{"taxonomy":"category","embeddable":true,"href":"https:\/\/www.murielorange.com\/index.php?rest_route=%2Fwp%2Fv2%2Fcategories&post=1133"},{"taxonomy":"post_tag","embeddable":true,"href":"https:\/\/www.murielorange.com\/index.php?rest_route=%2Fwp%2Fv2%2Ftags&post=1133"}],"curies":[{"name":"wp","href":"https:\/\/api.w.org\/{rel}","templated":true}]}}